{"id":4578,"date":"2025-05-05T08:04:00","date_gmt":"2025-05-05T08:04:00","guid":{"rendered":"https:\/\/zrstest.zrs.hr\/index.php\/2025\/05\/05\/najmlada-juniorska-reprezentativka-u-povijesti-gita-radikovic\/"},"modified":"2025-05-05T08:04:00","modified_gmt":"2025-05-05T08:04:00","slug":"najmlada-juniorska-reprezentativka-u-povijesti-gita-radikovic","status":"publish","type":"post","link":"https:\/\/zrs.hr\/index.php\/2025\/05\/05\/najmlada-juniorska-reprezentativka-u-povijesti-gita-radikovic\/","title":{"rendered":"Najmla\u0111a juniorska reprezentativka u povijesti &#8211; Gita Radikovi\u0107"},"content":{"rendered":"<p>\n\tIzborne pripreme za seniore i juniore su zavr&scaron;ene. Proteklog vikenda mladi programeri ogledali su se na izbornim priprema za juniore i za seniore, i borili se za nastup u juniorskoj reprezentaciji na EJOI &#8211; Europskoj juniorskoj olimpijadi i za nastuppe na IOI \/ CEOI (me\u0111unarodna i srednoeuropska olimpijada). U dva uzastopna dana odr\u017eana su dva ogleda u kojima je sudjelovalo 9 seniora (srednjo&scaron;kolaca) i 9 juniora (osnovaca). Dvodnevno nadmetanje u organizaciji nacionalnog saveza (HSIN) izlu\u010dilo je \u010detiri najbolja juniora i isto toliko najboljih seniora.<\/p>\n<p>\n\tU juniorsku reprezentaciju plasirali su se Borna Gudac, Gabriel Kos, Gita Radikovi\u0107 i Ozren Vili Paunovi\u0107, seniorski dres nosit \u0107e Dino Had\u017ei\u0107, Nikola Vujica, Fran &Scaron;karica i Lovro Tunji\u0107. Borna je sjajni mladi programer iz Rijeke, Gita je iz &Scaron;enkovca a svi ostali iz Zagreba.<\/p>\n<p>\n\tU dvodnevnom programerskom veselju od ukopno 18 najboljih sudjelovalo je 75% \u010dlanova saveza.<\/p>\n<p>\n\tDr\u017eava je dobila i najmla\u0111u juniorsku reprezentativku u povijesti <strong>Gitu Radikovi\u0107, u\u010denicu 7. r<\/strong> iz &Scaron;enkovca, \u010dlanicu ZRS-a od 2023. godine, koja se isti\u010de i pjesni&scaron;tvom te je objavila slikovnicu &quot;Plavac&quot; sa svojim autorskim pjesmama. Gita je svojim rezultatom nadma&scaron;ila sjajnu ZRSovku <strong>Laru Seme&scaron;<\/strong>, sada na studiju u SAD-u.&nbsp;<span style=\"white-space-collapse: preserve;\">Lara je bila prva u\u010denica koja se izborila za juniorsku reprezentaciju. Uspjelo joj je to 2020. godine &#8211; ali kao u\u010denici 8. razreda.<\/span><\/p>\n","protected":false},"excerpt":{"rendered":"<p>Izborne pripreme za seniore i juniore su zavr&scaron;ene. Proteklog vikenda mladi programeri ogledali su se na izbornim priprema za juniore i za seniore, i borili se za nastup u juniorskoj reprezentaciji na EJOI &#8211; Europskoj juniorskoj olimpijadi i za nastuppe na IOI \/ CEOI (me\u0111unarodna i srednoeuropska olimpijada). U dva uzastopna dana odr\u017eana su dva [&hellip;]<\/p>\n","protected":false},"author":1,"featured_media":4579,"comment_status":"open","ping_status":"open","sticky":false,"template":"","format":"standard","meta":{"footnotes":""},"categories":[31,2],"tags":[],"class_list":["post-4578","post","type-post","status-publish","format-standard","has-post-thumbnail","hentry","category-ostala-natjecanja","category-zrs"],"_links":{"self":[{"href":"https:\/\/zrs.hr\/index.php\/wp-json\/wp\/v2\/posts\/4578","targetHints":{"allow":["GET"]}}],"collection":[{"href":"https:\/\/zrs.hr\/index.php\/wp-json\/wp\/v2\/posts"}],"about":[{"href":"https:\/\/zrs.hr\/index.php\/wp-json\/wp\/v2\/types\/post"}],"author":[{"embeddable":true,"href":"https:\/\/zrs.hr\/index.php\/wp-json\/wp\/v2\/users\/1"}],"replies":[{"embeddable":true,"href":"https:\/\/zrs.hr\/index.php\/wp-json\/wp\/v2\/comments?post=4578"}],"version-history":[{"count":0,"href":"https:\/\/zrs.hr\/index.php\/wp-json\/wp\/v2\/posts\/4578\/revisions"}],"wp:featuredmedia":[{"embeddable":true,"href":"https:\/\/zrs.hr\/index.php\/wp-json\/wp\/v2\/media\/4579"}],"wp:attachment":[{"href":"https:\/\/zrs.hr\/index.php\/wp-json\/wp\/v2\/media?parent=4578"}],"wp:term":[{"taxonomy":"category","embeddable":true,"href":"https:\/\/zrs.hr\/index.php\/wp-json\/wp\/v2\/categories?post=4578"},{"taxonomy":"post_tag","embeddable":true,"href":"https:\/\/zrs.hr\/index.php\/wp-json\/wp\/v2\/tags?post=4578"}],"curies":[{"name":"wp","href":"https:\/\/api.w.org\/{rel}","templated":true}]}}